{"id":25543,"date":"2026-01-20T17:50:17","date_gmt":"2026-01-20T16:50:17","guid":{"rendered":"https:\/\/sp22.edu.pl\/?p=25543"},"modified":"2026-01-20T17:51:14","modified_gmt":"2026-01-20T16:51:14","slug":"30-edycja-szkolnego-festiwalu-teatralnego","status":"publish","type":"post","link":"https:\/\/sp22.edu.pl\/?p=25543","title":{"rendered":"30. edycja Szkolnego Festiwalu Teatralnego"},"content":{"rendered":"\n<p><\/p>\n\n\n\n<p>Uwaga, Uczniowie!<\/p>\n\n\n\n<p>Przed nami wielkie wydarzenie &#8211; <strong>30. Szkolny Festiwal Teatralny<\/strong>! Zapraszamy wszystkie zespo\u0142y klasowe do udzia\u0142u! Tematyka i forma teatralna jest dowolna, wi\u0119c wybierzcie repertuar, kieruj\u0105c si\u0119 tym, co Wam w duszy gra. Niech zabawa w teatr stanie si\u0119 przygod\u0105 i okazj\u0105 do wi\u0119kszej integracji. Wsp\u00f3lne dzia\u0142ania rodz\u0105 wi\u0119zi.<\/p>\n\n\n\n<p>A oto harmonogram festiwalu:<\/p>\n\n\n\n<p><strong>25 marca br. <\/strong>&#8211; koncert inauguracyjny,<\/p>\n\n\n\n<p><strong>26 i 27 marca br. <\/strong>&#8211; przes\u0142uchania poszczeg\u00f3lnych zespo\u0142\u00f3w teatralnych,<\/p>\n\n\n\n<p><strong>Wielka Gala Fina\u0142owa<\/strong> &#8211; w maju, po egzaminach \u00f3smoklasist\u00f3w.<\/p>\n\n\n\n<p>ZAPRASZAMY! <\/p>\n\n\n\n<p>organizatorki<\/p>\n\n\n\n<p><\/p>\n","protected":false},"excerpt":{"rendered":"<p>Uwaga, Uczniowie! Przed nami wielkie wydarzenie &#8211; 30. Szkolny Festiwal Teatralny! Zapraszamy wszystkie zespo\u0142y klasowe do udzia\u0142u! Tematyka i forma teatralna jest dowolna, wi\u0119c wybierzcie repertuar, kieruj\u0105c si\u0119 tym, co Wam w duszy gra. Niech zabawa w teatr stanie si\u0119 przygod\u0105 i okazj\u0105 do wi\u0119kszej integracji. Wsp\u00f3lne dzia\u0142ania rodz\u0105 wi\u0119zi. A oto harmonogram festiwalu: 25 [&hellip;]<\/p>\n","protected":false},"author":11,"featured_media":0,"comment_status":"open","ping_status":"open","sticky":false,"template":"","format":"standard","meta":{"ngg_post_thumbnail":0,"footnotes":""},"categories":[1],"tags":[],"class_list":["post-25543","post","type-post","status-publish","format-standard","hentry","category-bez-kategorii"],"_links":{"self":[{"href":"https:\/\/sp22.edu.pl\/index.php?rest_route=\/wp\/v2\/posts\/25543"}],"collection":[{"href":"https:\/\/sp22.edu.pl\/index.php?rest_route=\/wp\/v2\/posts"}],"about":[{"href":"https:\/\/sp22.edu.pl\/index.php?rest_route=\/wp\/v2\/types\/post"}],"author":[{"embeddable":true,"href":"https:\/\/sp22.edu.pl\/index.php?rest_route=\/wp\/v2\/users\/11"}],"replies":[{"embeddable":true,"href":"https:\/\/sp22.edu.pl\/index.php?rest_route=%2Fwp%2Fv2%2Fcomments&post=25543"}],"version-history":[{"count":2,"href":"https:\/\/sp22.edu.pl\/index.php?rest_route=\/wp\/v2\/posts\/25543\/revisions"}],"predecessor-version":[{"id":25545,"href":"https:\/\/sp22.edu.pl\/index.php?rest_route=\/wp\/v2\/posts\/25543\/revisions\/25545"}],"wp:attachment":[{"href":"https:\/\/sp22.edu.pl\/index.php?rest_route=%2Fwp%2Fv2%2Fmedia&parent=25543"}],"wp:term":[{"taxonomy":"category","embeddable":true,"href":"https:\/\/sp22.edu.pl\/index.php?rest_route=%2Fwp%2Fv2%2Fcategories&post=25543"},{"taxonomy":"post_tag","embeddable":true,"href":"https:\/\/sp22.edu.pl\/index.php?rest_route=%2Fwp%2Fv2%2Ftags&post=25543"}],"curies":[{"name":"wp","href":"https:\/\/api.w.org\/{rel}","templated":true}]}}