{"id":25760,"date":"2026-04-27T11:26:49","date_gmt":"2026-04-27T09:26:49","guid":{"rendered":"https:\/\/sp22.edu.pl\/?p=25760"},"modified":"2026-04-27T11:26:50","modified_gmt":"2026-04-27T09:26:50","slug":"swiatowy-dzien-ksiazki-i-praw-autorskich-2","status":"publish","type":"post","link":"https:\/\/sp22.edu.pl\/?p=25760","title":{"rendered":"\u015awiatowy Dzie\u0144 Ksi\u0105\u017cki i Praw Autorskich."},"content":{"rendered":"\n<p>\u015awiatowy Dzie\u0144 Ksi\u0105\u017cki i Praw Autorskich obchodzony jest corocznie <mark><strong>23 kwietnia<\/strong><\/mark>. W naszej szkolnej bibliotece odby\u0142y si\u0119 w tym dniu spotkania, na kt\u00f3rych dzieci dowiedzia\u0142y si\u0119 sk\u0105d pomys\u0142 obchodzenia takiego dnia i o co chodzi z tymi prawami autorskimi? Potem us\u0142ysza\u0142y ba\u015b\u0144 &#8222;Brzydkie Kacz\u0105tko&#8221; opowiedzian\u0105 za pomoc\u0105 innej formy ksi\u0105\u017cki, jak\u0105 jest Teatrzyk Kamishibai. <\/p>\n\n\n\n<figure class=\"wp-block-gallery has-nested-images columns-default is-cropped wp-block-gallery-1 is-layout-flex wp-block-gallery-is-layout-flex\">\n<figure class=\"wp-block-image size-large\"><img loading=\"lazy\" decoding=\"async\" width=\"768\" height=\"1024\" data-id=\"25763\" src=\"https:\/\/sp22.edu.pl\/wp-content\/uploads\/2026\/04\/1-1-768x1024.jpeg\" alt=\"\" class=\"wp-image-25763\" srcset=\"https:\/\/sp22.edu.pl\/wp-content\/uploads\/2026\/04\/1-1-768x1024.jpeg 768w, https:\/\/sp22.edu.pl\/wp-content\/uploads\/2026\/04\/1-1-225x300.jpeg 225w, https:\/\/sp22.edu.pl\/wp-content\/uploads\/2026\/04\/1-1-1152x1536.jpeg 1152w, https:\/\/sp22.edu.pl\/wp-content\/uploads\/2026\/04\/1-1.jpeg 1200w\" sizes=\"(max-width: 768px) 100vw, 768px\" \/><\/figure>\n\n\n\n<figure class=\"wp-block-image size-large\"><img loading=\"lazy\" decoding=\"async\" width=\"768\" height=\"1024\" data-id=\"25761\" src=\"https:\/\/sp22.edu.pl\/wp-content\/uploads\/2026\/04\/2-1-768x1024.jpeg\" alt=\"\" class=\"wp-image-25761\" srcset=\"https:\/\/sp22.edu.pl\/wp-content\/uploads\/2026\/04\/2-1-768x1024.jpeg 768w, https:\/\/sp22.edu.pl\/wp-content\/uploads\/2026\/04\/2-1-225x300.jpeg 225w, https:\/\/sp22.edu.pl\/wp-content\/uploads\/2026\/04\/2-1-1152x1536.jpeg 1152w, https:\/\/sp22.edu.pl\/wp-content\/uploads\/2026\/04\/2-1.jpeg 1200w\" sizes=\"(max-width: 768px) 100vw, 768px\" \/><\/figure>\n\n\n\n<figure class=\"wp-block-image size-large\"><img loading=\"lazy\" decoding=\"async\" width=\"768\" height=\"1024\" data-id=\"25765\" src=\"https:\/\/sp22.edu.pl\/wp-content\/uploads\/2026\/04\/3-1-768x1024.jpeg\" alt=\"\" class=\"wp-image-25765\" srcset=\"https:\/\/sp22.edu.pl\/wp-content\/uploads\/2026\/04\/3-1-768x1024.jpeg 768w, https:\/\/sp22.edu.pl\/wp-content\/uploads\/2026\/04\/3-1-225x300.jpeg 225w, https:\/\/sp22.edu.pl\/wp-content\/uploads\/2026\/04\/3-1-1152x1536.jpeg 1152w, https:\/\/sp22.edu.pl\/wp-content\/uploads\/2026\/04\/3-1.jpeg 1200w\" sizes=\"(max-width: 768px) 100vw, 768px\" \/><\/figure>\n\n\n\n<figure class=\"wp-block-image size-large\"><img loading=\"lazy\" decoding=\"async\" width=\"768\" height=\"1024\" data-id=\"25762\" src=\"https:\/\/sp22.edu.pl\/wp-content\/uploads\/2026\/04\/4-1-768x1024.jpeg\" alt=\"\" class=\"wp-image-25762\" srcset=\"https:\/\/sp22.edu.pl\/wp-content\/uploads\/2026\/04\/4-1-768x1024.jpeg 768w, https:\/\/sp22.edu.pl\/wp-content\/uploads\/2026\/04\/4-1-225x300.jpeg 225w, https:\/\/sp22.edu.pl\/wp-content\/uploads\/2026\/04\/4-1-1152x1536.jpeg 1152w, https:\/\/sp22.edu.pl\/wp-content\/uploads\/2026\/04\/4-1.jpeg 1200w\" sizes=\"(max-width: 768px) 100vw, 768px\" \/><\/figure>\n\n\n\n<figure class=\"wp-block-image size-large\"><img loading=\"lazy\" decoding=\"async\" width=\"768\" height=\"1024\" data-id=\"25766\" src=\"https:\/\/sp22.edu.pl\/wp-content\/uploads\/2026\/04\/5-1-768x1024.jpeg\" alt=\"\" class=\"wp-image-25766\" srcset=\"https:\/\/sp22.edu.pl\/wp-content\/uploads\/2026\/04\/5-1-768x1024.jpeg 768w, https:\/\/sp22.edu.pl\/wp-content\/uploads\/2026\/04\/5-1-225x300.jpeg 225w, https:\/\/sp22.edu.pl\/wp-content\/uploads\/2026\/04\/5-1-1152x1536.jpeg 1152w, https:\/\/sp22.edu.pl\/wp-content\/uploads\/2026\/04\/5-1.jpeg 1200w\" sizes=\"(max-width: 768px) 100vw, 768px\" \/><\/figure>\n\n\n\n<figure class=\"wp-block-image size-large\"><img loading=\"lazy\" decoding=\"async\" width=\"768\" height=\"1024\" data-id=\"25764\" src=\"https:\/\/sp22.edu.pl\/wp-content\/uploads\/2026\/04\/WhatsApp-Image-2026-04-23-at-10.22.45-768x1024.jpeg\" alt=\"\" class=\"wp-image-25764\" srcset=\"https:\/\/sp22.edu.pl\/wp-content\/uploads\/2026\/04\/WhatsApp-Image-2026-04-23-at-10.22.45-768x1024.jpeg 768w, https:\/\/sp22.edu.pl\/wp-content\/uploads\/2026\/04\/WhatsApp-Image-2026-04-23-at-10.22.45-225x300.jpeg 225w, https:\/\/sp22.edu.pl\/wp-content\/uploads\/2026\/04\/WhatsApp-Image-2026-04-23-at-10.22.45-1152x1536.jpeg 1152w, https:\/\/sp22.edu.pl\/wp-content\/uploads\/2026\/04\/WhatsApp-Image-2026-04-23-at-10.22.45.jpeg 1200w\" sizes=\"(max-width: 768px) 100vw, 768px\" \/><\/figure>\n\n\n\n<figure class=\"wp-block-image size-large\"><img loading=\"lazy\" decoding=\"async\" width=\"768\" height=\"1024\" data-id=\"25767\" src=\"https:\/\/sp22.edu.pl\/wp-content\/uploads\/2026\/04\/WhatsApp-Image-2026-04-23-at-10.22.46-768x1024.jpeg\" alt=\"\" class=\"wp-image-25767\" srcset=\"https:\/\/sp22.edu.pl\/wp-content\/uploads\/2026\/04\/WhatsApp-Image-2026-04-23-at-10.22.46-768x1024.jpeg 768w, https:\/\/sp22.edu.pl\/wp-content\/uploads\/2026\/04\/WhatsApp-Image-2026-04-23-at-10.22.46-225x300.jpeg 225w, https:\/\/sp22.edu.pl\/wp-content\/uploads\/2026\/04\/WhatsApp-Image-2026-04-23-at-10.22.46-1152x1536.jpeg 1152w, https:\/\/sp22.edu.pl\/wp-content\/uploads\/2026\/04\/WhatsApp-Image-2026-04-23-at-10.22.46.jpeg 1200w\" sizes=\"(max-width: 768px) 100vw, 768px\" \/><\/figure>\n<\/figure>\n","protected":false},"excerpt":{"rendered":"<p>\u015awiatowy Dzie\u0144 Ksi\u0105\u017cki i Praw Autorskich obchodzony jest corocznie 23 kwietnia. W naszej szkolnej bibliotece odby\u0142y si\u0119 w tym dniu spotkania, na kt\u00f3rych dzieci dowiedzia\u0142y si\u0119 sk\u0105d pomys\u0142 obchodzenia takiego dnia i o co chodzi z tymi prawami autorskimi? Potem us\u0142ysza\u0142y ba\u015b\u0144 &#8222;Brzydkie Kacz\u0105tko&#8221; opowiedzian\u0105 za pomoc\u0105 innej formy ksi\u0105\u017cki, jak\u0105 jest Teatrzyk Kamishibai.<\/p>\n","protected":false},"author":14,"featured_media":25764,"comment_status":"open","ping_status":"open","sticky":false,"template":"","format":"standard","meta":{"ngg_post_thumbnail":0,"footnotes":""},"categories":[1],"tags":[],"class_list":["post-25760","post","type-post","status-publish","format-standard","has-post-thumbnail","hentry","category-bez-kategorii"],"_links":{"self":[{"href":"https:\/\/sp22.edu.pl\/index.php?rest_route=\/wp\/v2\/posts\/25760"}],"collection":[{"href":"https:\/\/sp22.edu.pl\/index.php?rest_route=\/wp\/v2\/posts"}],"about":[{"href":"https:\/\/sp22.edu.pl\/index.php?rest_route=\/wp\/v2\/types\/post"}],"author":[{"embeddable":true,"href":"https:\/\/sp22.edu.pl\/index.php?rest_route=\/wp\/v2\/users\/14"}],"replies":[{"embeddable":true,"href":"https:\/\/sp22.edu.pl\/index.php?rest_route=%2Fwp%2Fv2%2Fcomments&post=25760"}],"version-history":[{"count":1,"href":"https:\/\/sp22.edu.pl\/index.php?rest_route=\/wp\/v2\/posts\/25760\/revisions"}],"predecessor-version":[{"id":25768,"href":"https:\/\/sp22.edu.pl\/index.php?rest_route=\/wp\/v2\/posts\/25760\/revisions\/25768"}],"wp:featuredmedia":[{"embeddable":true,"href":"https:\/\/sp22.edu.pl\/index.php?rest_route=\/wp\/v2\/media\/25764"}],"wp:attachment":[{"href":"https:\/\/sp22.edu.pl\/index.php?rest_route=%2Fwp%2Fv2%2Fmedia&parent=25760"}],"wp:term":[{"taxonomy":"category","embeddable":true,"href":"https:\/\/sp22.edu.pl\/index.php?rest_route=%2Fwp%2Fv2%2Fcategories&post=25760"},{"taxonomy":"post_tag","embeddable":true,"href":"https:\/\/sp22.edu.pl\/index.php?rest_route=%2Fwp%2Fv2%2Ftags&post=25760"}],"curies":[{"name":"wp","href":"https:\/\/api.w.org\/{rel}","templated":true}]}}