{"id":7397,"date":"2017-10-20T01:33:16","date_gmt":"2017-10-19T23:33:16","guid":{"rendered":"http:\/\/gim11.com\/?p=7397"},"modified":"2017-10-20T01:33:16","modified_gmt":"2017-10-19T23:33:16","slug":"kochani-nauczyciele-badzcie-wciaz-z-nami","status":"publish","type":"post","link":"https:\/\/sp22.edu.pl\/?p=7397","title":{"rendered":"Kochani Nauczyciele. B\u0105d\u017acie wci\u0105\u017c z nami!"},"content":{"rendered":"<p>&nbsp; Takie przes\u0142anie towarzyszy\u0142o tegorocznej uroczysto\u015bci z okazji Dnia Nauczyciela. Uczniowie zorganizowali program artystyczny na weso\u0142o. Odby\u0142 si\u0119 turniej towarzyski <strong>nauczyciele<\/strong> kontra <strong>uczniowie <\/strong>pod has\u0142em<strong> \u201ePokoleniowe potyczki<\/strong>\u201d oraz koncert \u017cycze\u0144 dla go\u015bci, nauczycieli oraz pracownik\u00f3w szko\u0142y. Uroczysto\u015b\u0107 zaszczycili swoj\u0105 obecno\u015bci\u0105: pan <strong>wiceprezydent Micha\u0142 Piero\u0144czyk, prezes<\/strong> Klubu Sportowego \u201ePogo\u0144\u201d \u2013 pan <strong>Miko\u0142aj Ma\u015blanka<\/strong>, pani&nbsp;<strong>Barbara Dworak<\/strong>, <strong>emerytowani nauczyciele<\/strong> oraz <strong>rodzice<\/strong>. W\u015br\u00f3d wykonawc\u00f3w znale\u017ali si\u0119 <strong>uczniowie klasy<\/strong> <strong>III szko\u0142y podstawowej<\/strong>, <strong>Julka Pinkosz &nbsp;i Klaudia Rygu\u0142a<\/strong> z klasy VII oraz uczniowie gimnazjum: <strong>Julka Gleba, Bartek Gawron, Roksana Przewdzing i Anna Tabaszewska <\/strong>&nbsp;z III b, <strong>Dawid Brodziak Natalia Kotlorz, Natalia Miler, Mateusz W\u0119grzyk &nbsp;<\/strong>z II b, <strong>Karolina Ciska, Antek Heinrich, Joanna Kosiak, Karolina Nawrat, Angelika S\u0142awik &nbsp;i Paulina Wojcieszek<\/strong> z II c oraz <strong>ch\u00f3r szkolny<\/strong> pod kierunkiem pani <strong>Marii Wi\u015bniowskiej. <\/strong>Szczeg\u00f3lny aplauz widowni wywo\u0142a\u0142 wyst\u0119p<strong> uczni\u00f3w klasy III szko\u0142y podstawowej, <\/strong>kt\u00f3rzy pod kierunkiem&nbsp; &nbsp; &nbsp; &nbsp; &nbsp;p. <strong>Danuty Danielczok<\/strong> zaprezentowali piosenk\u0119 \u2013 dedykacj\u0119 \u201eBo ty si\u0119 boisz myszy\u201d oraz taniec wsp\u00f3\u0142czesny. Program przygotowa\u0142y p. Anna Szarwark i p. Ewa Ziele\u017anik.<\/p>\n","protected":false},"excerpt":{"rendered":"<p>&nbsp; Takie przes\u0142anie towarzyszy\u0142o tegorocznej uroczysto\u015bci z okazji Dnia Nauczyciela. Uczniowie zorganizowali program artystyczny na weso\u0142o. Odby\u0142 si\u0119 turniej towarzyski nauczyciele kontra uczniowie pod has\u0142em \u201ePokoleniowe potyczki\u201d oraz koncert \u017cycze\u0144 dla go\u015bci, nauczycieli oraz pracownik\u00f3w szko\u0142y. Uroczysto\u015b\u0107 zaszczycili swoj\u0105 obecno\u015bci\u0105: pan wiceprezydent Micha\u0142 Piero\u0144czyk, prezes Klubu Sportowego \u201ePogo\u0144\u201d \u2013 pan Miko\u0142aj Ma\u015blanka, pani&nbsp;Barbara Dworak, emerytowani [&hellip;]<\/p>\n","protected":false},"author":11,"featured_media":0,"comment_status":"open","ping_status":"open","sticky":false,"template":"","format":"standard","meta":{"ngg_post_thumbnail":0,"footnotes":""},"categories":[1],"tags":[],"class_list":["post-7397","post","type-post","status-publish","format-standard","hentry","category-bez-kategorii"],"_links":{"self":[{"href":"https:\/\/sp22.edu.pl\/index.php?rest_route=\/wp\/v2\/posts\/7397"}],"collection":[{"href":"https:\/\/sp22.edu.pl\/index.php?rest_route=\/wp\/v2\/posts"}],"about":[{"href":"https:\/\/sp22.edu.pl\/index.php?rest_route=\/wp\/v2\/types\/post"}],"author":[{"embeddable":true,"href":"https:\/\/sp22.edu.pl\/index.php?rest_route=\/wp\/v2\/users\/11"}],"replies":[{"embeddable":true,"href":"https:\/\/sp22.edu.pl\/index.php?rest_route=%2Fwp%2Fv2%2Fcomments&post=7397"}],"version-history":[{"count":1,"href":"https:\/\/sp22.edu.pl\/index.php?rest_route=\/wp\/v2\/posts\/7397\/revisions"}],"predecessor-version":[{"id":7398,"href":"https:\/\/sp22.edu.pl\/index.php?rest_route=\/wp\/v2\/posts\/7397\/revisions\/7398"}],"wp:attachment":[{"href":"https:\/\/sp22.edu.pl\/index.php?rest_route=%2Fwp%2Fv2%2Fmedia&parent=7397"}],"wp:term":[{"taxonomy":"category","embeddable":true,"href":"https:\/\/sp22.edu.pl\/index.php?rest_route=%2Fwp%2Fv2%2Fcategories&post=7397"},{"taxonomy":"post_tag","embeddable":true,"href":"https:\/\/sp22.edu.pl\/index.php?rest_route=%2Fwp%2Fv2%2Ftags&post=7397"}],"curies":[{"name":"wp","href":"https:\/\/api.w.org\/{rel}","templated":true}]}}