{"id":9403,"date":"2018-01-19T20:29:33","date_gmt":"2018-01-19T19:29:33","guid":{"rendered":"http:\/\/sp22.edu.pl\/?p=9403"},"modified":"2018-01-19T21:09:02","modified_gmt":"2018-01-19T20:09:02","slug":"klasy-trzecie-na-wycieczce-w-auschwitz-i-wadowicach","status":"publish","type":"post","link":"https:\/\/sp22.edu.pl\/?p=9403","title":{"rendered":"Klasy trzecie na wycieczce w Auschwitz i Wadowicach"},"content":{"rendered":"<p><strong>18 stycznia<\/strong> wszystkie klasy trzecie (oddzia\u0142y gimnazjalne) wyjecha\u0142y na d\u0142ugo oczekiwan\u0105 wycieczk\u0119 do Miejsca Pami\u0119ci i Muzeum Auschwitz-Birkenau By\u0142ego Niemieckiego Nazistowskiego Obozu Koncentracyjnego i Zag\u0142ady, a nast\u0119pnie do Muzeum Domu Rodzinnego Ojca \u015awi\u0119tego Jana Paw\u0142a II w Wadowicach. Ca\u0142odniowa lekcja historii zrobi\u0142a na wszystkich wielkie wra\u017cenie i sta\u0142a si\u0119 tematem rozm\u00f3w, nie tylko w autobusie.<\/p>\nngg_shortcode_0_placeholder\n","protected":false},"excerpt":{"rendered":"<p>18 stycznia wszystkie klasy trzecie (oddzia\u0142y gimnazjalne) wyjecha\u0142y na d\u0142ugo oczekiwan\u0105 wycieczk\u0119 do Miejsca Pami\u0119ci i Muzeum Auschwitz-Birkenau By\u0142ego Niemieckiego Nazistowskiego Obozu Koncentracyjnego i Zag\u0142ady, a nast\u0119pnie do Muzeum Domu Rodzinnego Ojca \u015awi\u0119tego Jana Paw\u0142a II w Wadowicach. Ca\u0142odniowa lekcja historii zrobi\u0142a na wszystkich wielkie wra\u017cenie i sta\u0142a si\u0119 tematem rozm\u00f3w, nie tylko w autobusie. [&hellip;]<\/p>\n","protected":false},"author":22,"featured_media":9404,"comment_status":"open","ping_status":"open","sticky":false,"template":"","format":"standard","meta":{"ngg_post_thumbnail":0,"footnotes":""},"categories":[1],"tags":[],"class_list":["post-9403","post","type-post","status-publish","format-standard","has-post-thumbnail","hentry","category-bez-kategorii"],"_links":{"self":[{"href":"https:\/\/sp22.edu.pl\/index.php?rest_route=\/wp\/v2\/posts\/9403"}],"collection":[{"href":"https:\/\/sp22.edu.pl\/index.php?rest_route=\/wp\/v2\/posts"}],"about":[{"href":"https:\/\/sp22.edu.pl\/index.php?rest_route=\/wp\/v2\/types\/post"}],"author":[{"embeddable":true,"href":"https:\/\/sp22.edu.pl\/index.php?rest_route=\/wp\/v2\/users\/22"}],"replies":[{"embeddable":true,"href":"https:\/\/sp22.edu.pl\/index.php?rest_route=%2Fwp%2Fv2%2Fcomments&post=9403"}],"version-history":[{"count":3,"href":"https:\/\/sp22.edu.pl\/index.php?rest_route=\/wp\/v2\/posts\/9403\/revisions"}],"predecessor-version":[{"id":9472,"href":"https:\/\/sp22.edu.pl\/index.php?rest_route=\/wp\/v2\/posts\/9403\/revisions\/9472"}],"wp:featuredmedia":[{"embeddable":true,"href":"https:\/\/sp22.edu.pl\/index.php?rest_route=\/wp\/v2\/media\/9404"}],"wp:attachment":[{"href":"https:\/\/sp22.edu.pl\/index.php?rest_route=%2Fwp%2Fv2%2Fmedia&parent=9403"}],"wp:term":[{"taxonomy":"category","embeddable":true,"href":"https:\/\/sp22.edu.pl\/index.php?rest_route=%2Fwp%2Fv2%2Fcategories&post=9403"},{"taxonomy":"post_tag","embeddable":true,"href":"https:\/\/sp22.edu.pl\/index.php?rest_route=%2Fwp%2Fv2%2Ftags&post=9403"}],"curies":[{"name":"wp","href":"https:\/\/api.w.org\/{rel}","templated":true}]}}